{"id":139,"date":"2020-11-13T15:50:36","date_gmt":"2020-11-13T14:50:36","guid":{"rendered":"http:\/\/champed.cluster028.hosting.ovh.net\/?p=139"},"modified":"2020-11-17T15:51:09","modified_gmt":"2020-11-17T14:51:09","slug":"ceremonie-de-commemoration-du-11-novembre","status":"publish","type":"post","link":"http:\/\/champed.cluster028.hosting.ovh.net\/index.php\/2020\/11\/13\/ceremonie-de-commemoration-du-11-novembre\/","title":{"rendered":"C\u00e9r\u00e9monie de comm\u00e9moration du 11 Novembre"},"content":{"rendered":"\n<p>La c\u00e9r\u00e9monie de comm\u00e9moration de l&#8217;armistice du 11 Novembre  s&#8217;est d\u00e9roul\u00e9 cette ann\u00e9e dans un contexte bien particulier, en raison des restrictions li\u00e9es au nouveau confinement et \u00e0 la crise sanitaire.<\/p>\n\n\n\n<p>La commune a n\u00e9anmoins rendu hommage, en comit\u00e9 restreint,  aux soldats morts au combat pendant ce conflit.  La c\u00e9r\u00e9monie pr\u00e9sid\u00e9e par Thierry Vernet s&#8217;est d\u00e9roul\u00e9e en pr\u00e9sence des adjoints et des anciens combattants, dans le respect des r\u00e8gles de distanciation et des gestes barri\u00e8res.<\/p>\n\n\n\n<figure class=\"wp-block-image\"><img loading=\"lazy\" width=\"481\" height=\"640\" src=\"http:\/\/champed.cluster028.hosting.ovh.net\/wp-content\/uploads\/2020\/11\/thumbnail_image5.jpg\" alt=\"\" class=\"wp-image-137\" srcset=\"http:\/\/champed.cluster028.hosting.ovh.net\/wp-content\/uploads\/2020\/11\/thumbnail_image5.jpg 481w, http:\/\/champed.cluster028.hosting.ovh.net\/wp-content\/uploads\/2020\/11\/thumbnail_image5-225x300.jpg 225w\" sizes=\"(max-width: 481px) 100vw, 481px\" \/><\/figure>\n\n\n\n<figure class=\"wp-block-image\"><img loading=\"lazy\" width=\"481\" height=\"640\" src=\"http:\/\/champed.cluster028.hosting.ovh.net\/wp-content\/uploads\/2020\/11\/thumbnail_image1.jpg\" alt=\"\" class=\"wp-image-136\" srcset=\"http:\/\/champed.cluster028.hosting.ovh.net\/wp-content\/uploads\/2020\/11\/thumbnail_image1.jpg 481w, http:\/\/champed.cluster028.hosting.ovh.net\/wp-content\/uploads\/2020\/11\/thumbnail_image1-225x300.jpg 225w\" sizes=\"(max-width: 481px) 100vw, 481px\" \/><\/figure>\n","protected":false},"excerpt":{"rendered":"<p>La c\u00e9r\u00e9monie de comm\u00e9moration de l&#8217;armistice du 11 Novembre s&#8217;est d\u00e9roul\u00e9 cette ann\u00e9e dans un contexte bien particulier, en raison des restrictions li\u00e9es au nouveau confinement et \u00e0 la crise &hellip; <\/p>\n<p class=\"link-more\"><a href=\"http:\/\/champed.cluster028.hosting.ovh.net\/index.php\/2020\/11\/13\/ceremonie-de-commemoration-du-11-novembre\/\" class=\"more-link\">Continue reading<span class=\"screen-reader-text\"> &#8220;C\u00e9r\u00e9monie de comm\u00e9moration du 11 Novembre&#8221;<\/span><\/a><\/p>\n","protected":false},"author":1,"featured_media":0,"comment_status":"open","ping_status":"open","sticky":false,"template":"","format":"standard","meta":[],"categories":[2],"tags":[],"_links":{"self":[{"href":"http:\/\/champed.cluster028.hosting.ovh.net\/index.php\/wp-json\/wp\/v2\/posts\/139"}],"collection":[{"href":"http:\/\/champed.cluster028.hosting.ovh.net\/index.php\/wp-json\/wp\/v2\/posts"}],"about":[{"href":"http:\/\/champed.cluster028.hosting.ovh.net\/index.php\/wp-json\/wp\/v2\/types\/post"}],"author":[{"embeddable":true,"href":"http:\/\/champed.cluster028.hosting.ovh.net\/index.php\/wp-json\/wp\/v2\/users\/1"}],"replies":[{"embeddable":true,"href":"http:\/\/champed.cluster028.hosting.ovh.net\/index.php\/wp-json\/wp\/v2\/comments?post=139"}],"version-history":[{"count":1,"href":"http:\/\/champed.cluster028.hosting.ovh.net\/index.php\/wp-json\/wp\/v2\/posts\/139\/revisions"}],"predecessor-version":[{"id":140,"href":"http:\/\/champed.cluster028.hosting.ovh.net\/index.php\/wp-json\/wp\/v2\/posts\/139\/revisions\/140"}],"wp:attachment":[{"href":"http:\/\/champed.cluster028.hosting.ovh.net\/index.php\/wp-json\/wp\/v2\/media?parent=139"}],"wp:term":[{"taxonomy":"category","embeddable":true,"href":"http:\/\/champed.cluster028.hosting.ovh.net\/index.php\/wp-json\/wp\/v2\/categories?post=139"},{"taxonomy":"post_tag","embeddable":true,"href":"http:\/\/champed.cluster028.hosting.ovh.net\/index.php\/wp-json\/wp\/v2\/tags?post=139"}],"curies":[{"name":"wp","href":"https:\/\/api.w.org\/{rel}","templated":true}]}}